{"id":1904,"date":"2026-04-01T20:37:06","date_gmt":"2026-04-01T18:37:06","guid":{"rendered":"https:\/\/ambitionsverige.se\/?p=1904"},"modified":"2026-04-01T21:21:17","modified_gmt":"2026-04-01T19:21:17","slug":"riksdagspartierna-sverige-eu","status":"publish","type":"post","link":"https:\/\/ambitionsverige.se\/es\/politik\/svensk-suveranitet-och-eu\/riksdagspartierna-sverige-eu\/","title":{"rendered":"Larm: Riksdagspartierna l\u00e5ser in Sverige i EU &#8211; f\u00f6r alltid"},"content":{"rendered":"<p><strong>En p\u00e5g\u00e5ende grundlags\u00e4ndring kan g\u00f6ra det n\u00e4stintill om\u00f6jligt f\u00f6r Sverige att l\u00e4mna EU \u2013 \u00e4ven om en majoritet av folket och en majoritet av riksdagsledam\u00f6terna s\u00e5 vill. Om beslutet g\u00e5r igenom inneb\u00e4r det att Sverige i grundlagsfr\u00e5gor riskerar att f\u00f6rvandlas till ett odemokratiskt minoritetsstyre. Ambition Sverige mobiliserar nu en opinion f\u00f6r att stoppa det h\u00e4r beslutet.<\/strong><\/p>\n\n\n\n<p>Det f\u00f6rsta av tv\u00e5 riksdagsbeslut f\u00f6r den h\u00e4r grundlags\u00e4ndringen togs den 1 oktober. Det n\u00e4sta och avg\u00f6rande beslutet planeras att tas omedelbart efter det kommande riksdagsvalet. <\/p>\n\n\n\n<p>\u00c5r 1994 r\u00f6stade 52,3 % av v\u00e4ljarna f\u00f6r ett EU-medlemskap. 2010 skrevs det svenska EU-medlemskapet in i grundlagen. Hittills har en s\u00e5dan grundlags\u00e4ndring kr\u00e4vt tv\u00e5 enkla majoritetsbeslut i riksdagen. <\/p>\n\n\n\n<p>Det betyder att om en majoritet av svenska folket fram\u00f6ver \u00e5ngrar sig och \u00f6nskar l\u00e4mna EU, m\u00e5ste det h\u00e4r inskrivna EU-medlemskapet f\u00f6rst r\u00f6stas bort. Hittills har det varit m\u00f6jligt med precis de tv\u00e5 enkla riksdagsmajoriteter som 2010 beslutade att skriva in EU-medlemskapet i grundlagen.<\/p>\n\n\n\n<p>Id\u00e9n med grundlagar \u00e4r att de ska vara en stomme f\u00f6r det demokratiska r\u00e4ttssamh\u00e4llet. Nu \u00e4r det p\u00e5 v\u00e4g att f\u00f6r\u00e4ndras genom en proposition i riksdagen med titeln&nbsp;<a href=\"https:\/\/www.regeringen.se\/rattsliga-dokument\/proposition\/2025\/04\/prop.-202425165\" target=\"_blank\" rel=\"noreferrer noopener\"><strong><em>St\u00e4rkt skydd f\u00f6r demokratin och domstolarnas oberoende<\/em>&nbsp;<\/strong><\/a>(2024\/25:165). I den f\u00f6resl\u00e5s att det ska kr\u00e4vas en kvalificerad majoritet f\u00f6r det andra och avg\u00f6rande riksdagsbeslutet f\u00f6r en grundlags\u00e4ndring. <\/p>\n\n\n\n<p>Det inneb\u00e4r att en riksdagsminoritet p\u00e5 bara 34 % fram\u00f6ver kan blockera ett s\u00e5dant beslut. \u00c4ven om en majoritet av svenska folket och\/eller en riksdagsmajoritet \u00e4r f\u00f6r. S\u00e5ledes har vi i Sverige g\u00e5tt fr\u00e5n ett demokratiskt majoritetsstyre till ett odemokratiskt minoritetsstyre.<\/p>\n\n\n\n<p>I praktiken inneb\u00e4r det att Sveriges EU-medlemskap torde cementeras f\u00f6r alltid. Som det parlamentariska l\u00e4get ser ut idag och som det f\u00f6rv\u00e4ntas se ut i framtiden, ter sig en tv\u00e5tredjedelsmajoritet f\u00f6r ett EU-urtr\u00e4de som orimligt. Inte minst om man ocks\u00e5 beaktar de h\u00e5llhakar som EU har p\u00e5 Sverige. <\/p>\n\n\n\n<p>Likas\u00e5 torde det vara fullt rimligt att samma enkla &nbsp;riksdagsmajoritet som skrev in EU-medlemskapet i grundlagen ocks\u00e5 ska kunna ta bort det.&nbsp;<\/p>\n\n\n\n<p>Regeringens uttryckta sk\u00e4l f\u00f6r det h\u00e4r f\u00f6rslaget \u00e4r att f\u00f6rhindra att \u201den hastigt uppblossade folkopinion ifr\u00e5gas\u00e4tter annars vedertagna grundprinciper\u201d. Kritikerna h\u00e4vdar att det sk\u00e4let \u00e4r sv\u00e5rt att tro p\u00e5 givet att en grundlags\u00e4ndring inklusive tv\u00e5 riksdagsvoteringar med ett riksdagsval emellan tar m\u00e5nga \u00e5r att genomf\u00f6ra, n\u00e5got som knappt kan drivas fram av en \u201dhastigt uppblossande folkopinion\u201d. <\/p>\n\n\n\n<p>Bara den h\u00e4r grundlags\u00e4ndringen har hittills tagit fem \u00e5r fr\u00e5n direktiv till det f\u00f6rsta riksdagsbeslutet. Flera kritiker menar d\u00e4rf\u00f6r att f\u00f6rslaget ist\u00e4llet \u00e4r till f\u00f6r att skydda de sittande makthavarna och inte medborgarna.<\/p>\n\n\n\n<p>Det avg\u00f6rande beslutet om lagen tas efter valet 2026. Ambition Sverige mobiliserar nu f\u00f6r att stoppa f\u00f6rslaget. Vi pekar p\u00e5 att upp till tre miljoner v\u00e4ljare \u00e4r EU-skeptiska enligt den senaste opinionsm\u00e4tningen fr\u00e5n SCB (maj 2025) och att deras m\u00f6jlighet till p\u00e5verka kan f\u00f6rsvinna om sp\u00e4rren h\u00f6js. Med de nya reglerna skulle en tredjedel av riksdagen s\u00e5ledes kunna avg\u00f6ra om Sverige fortsatt kommer leva upp till det grundlagsstadgade folkstyret eller inte. Det \u00e4r sj\u00e4lva k\u00e4rnfr\u00e5gan.&nbsp;&nbsp;<\/p>\n\n\n<hr>\n\n\n<p>Texto:\u00a0<a href=\"https:\/\/ambitionsverige.se\/es\/politico\/ulf-strom\/\">Ulf Str\u00f6m<\/a>, oberoende talesperson f\u00f6r EU-fr\u00e5gor, Ambition Sverige | Bild: Ulf Stro\u0308m och EU-Parlamentet i Br\u00fcssel | Foton: Ambition Sverige och Andrijko Z, CC BY-SA 4.0<\/p>\n\n\n\n<p><\/p>","protected":false},"excerpt":{"rendered":"<p>Om beslutet g\u00e5r igenom inneb\u00e4r det att Sverige i grundlagsfr\u00e5gor riskerar att f\u00f6rvandlas till ett odemokratiskt minoritetsstyre. Ambition Sverige mobiliserar nu en opinion f\u00f6r att stoppa det h\u00e4r beslutet.<\/p>","protected":false},"author":2,"featured_media":1905,"comment_status":"closed","ping_status":"closed","sticky":false,"template":"","format":"standard","meta":{"footnotes":""},"categories":[9],"tags":[45],"local_branch":[],"class_list":["post-1904","post","type-post","status-publish","format-standard","has-post-thumbnail","hentry","category-svensk-suveranitet-och-eu","tag-lamna-eu"],"yoast_head":"<!-- This site is optimized with the Yoast SEO plugin v27.5 - https:\/\/yoast.com\/product\/yoast-seo-wordpress\/ -->\n<title>Larm: Riksdagspartierna l\u00e5ser in Sverige i EU - f\u00f6r alltid - Ambition Sverige<\/title>\n<meta name=\"robots\" content=\"index, follow, max-snippet:-1, max-image-preview:large, max-video-preview:-1\" \/>\n<link rel=\"canonical\" href=\"https:\/\/ambitionsverige.se\/es\/politica\/la-soberania-sueca-y-la-ue\/riksdagspartierna-sverige-eu\/\" \/>\n<meta property=\"og:locale\" content=\"es_ES\" \/>\n<meta property=\"og:type\" content=\"article\" \/>\n<meta property=\"og:title\" content=\"Larm: Riksdagspartierna l\u00e5ser in Sverige i EU - f\u00f6r alltid - Ambition Sverige\" \/>\n<meta property=\"og:description\" content=\"Om beslutet g\u00e5r igenom inneb\u00e4r det att Sverige i grundlagsfr\u00e5gor riskerar att f\u00f6rvandlas till ett odemokratiskt minoritetsstyre. Ambition Sverige mobiliserar nu en opinion f\u00f6r att stoppa det h\u00e4r beslutet.\" \/>\n<meta property=\"og:url\" content=\"https:\/\/ambitionsverige.se\/es\/politica\/la-soberania-sueca-y-la-ue\/riksdagspartierna-sverige-eu\/\" \/>\n<meta property=\"og:site_name\" content=\"Ambition Sverige\" \/>\n<meta property=\"article:publisher\" content=\"https:\/\/www.facebook.com\/AmbitionSverige\" \/>\n<meta property=\"article:published_time\" content=\"2026-04-01T18:37:06+00:00\" \/>\n<meta property=\"article:modified_time\" content=\"2026-04-01T19:21:17+00:00\" \/>\n<meta property=\"og:image\" content=\"https:\/\/ambitionsverige.se\/wp-content\/uploads\/2026\/04\/Ulf-Strom_EU-Parlamentet.jpg\" \/>\n\t<meta property=\"og:image:width\" content=\"1200\" \/>\n\t<meta property=\"og:image:height\" content=\"650\" \/>\n\t<meta property=\"og:image:type\" content=\"image\/jpeg\" \/>\n<meta name=\"author\" content=\"a.forfattar3_25-10\" \/>\n<meta name=\"twitter:card\" content=\"summary_large_image\" \/>\n<meta name=\"twitter:creator\" content=\"@ambitionsverige\" \/>\n<meta name=\"twitter:site\" content=\"@ambitionsverige\" \/>\n<meta name=\"twitter:label1\" content=\"Escrito por\" \/>\n\t<meta name=\"twitter:data1\" content=\"a.forfattar3_25-10\" \/>\n\t<meta name=\"twitter:label2\" content=\"Tiempo de lectura\" \/>\n\t<meta name=\"twitter:data2\" content=\"3 minutos\" \/>\n<script type=\"application\/ld+json\" class=\"yoast-schema-graph\">{\"@context\":\"https:\\\/\\\/schema.org\",\"@graph\":[{\"@type\":\"Article\",\"@id\":\"https:\\\/\\\/ambitionsverige.se\\\/politik\\\/svensk-suveranitet-och-eu\\\/riksdagspartierna-sverige-eu\\\/#article\",\"isPartOf\":{\"@id\":\"https:\\\/\\\/ambitionsverige.se\\\/politik\\\/svensk-suveranitet-och-eu\\\/riksdagspartierna-sverige-eu\\\/\"},\"author\":{\"name\":\"a.forfattar3_25-10\",\"@id\":\"https:\\\/\\\/ambitionsverige.se\\\/#\\\/schema\\\/person\\\/df053692e4e9f2c84910ca4d610927d0\"},\"headline\":\"Larm: Riksdagspartierna l\u00e5ser in Sverige i EU &#8211; f\u00f6r alltid\",\"datePublished\":\"2026-04-01T18:37:06+00:00\",\"dateModified\":\"2026-04-01T19:21:17+00:00\",\"mainEntityOfPage\":{\"@id\":\"https:\\\/\\\/ambitionsverige.se\\\/politik\\\/svensk-suveranitet-och-eu\\\/riksdagspartierna-sverige-eu\\\/\"},\"wordCount\":626,\"publisher\":{\"@id\":\"https:\\\/\\\/ambitionsverige.se\\\/#organization\"},\"image\":{\"@id\":\"https:\\\/\\\/ambitionsverige.se\\\/politik\\\/svensk-suveranitet-och-eu\\\/riksdagspartierna-sverige-eu\\\/#primaryimage\"},\"thumbnailUrl\":\"https:\\\/\\\/ambitionsverige.se\\\/wp-content\\\/uploads\\\/2026\\\/04\\\/Ulf-Strom_EU-Parlamentet.jpg\",\"keywords\":[\"l\u00e4mna EU\"],\"articleSection\":[\"Svensk suver\u00e4nitet och EU\"],\"inLanguage\":\"es\"},{\"@type\":\"WebPage\",\"@id\":\"https:\\\/\\\/ambitionsverige.se\\\/politik\\\/svensk-suveranitet-och-eu\\\/riksdagspartierna-sverige-eu\\\/\",\"url\":\"https:\\\/\\\/ambitionsverige.se\\\/politik\\\/svensk-suveranitet-och-eu\\\/riksdagspartierna-sverige-eu\\\/\",\"name\":\"Larm: Riksdagspartierna l\u00e5ser in Sverige i EU - f\u00f6r alltid - Ambition Sverige\",\"isPartOf\":{\"@id\":\"https:\\\/\\\/ambitionsverige.se\\\/#website\"},\"primaryImageOfPage\":{\"@id\":\"https:\\\/\\\/ambitionsverige.se\\\/politik\\\/svensk-suveranitet-och-eu\\\/riksdagspartierna-sverige-eu\\\/#primaryimage\"},\"image\":{\"@id\":\"https:\\\/\\\/ambitionsverige.se\\\/politik\\\/svensk-suveranitet-och-eu\\\/riksdagspartierna-sverige-eu\\\/#primaryimage\"},\"thumbnailUrl\":\"https:\\\/\\\/ambitionsverige.se\\\/wp-content\\\/uploads\\\/2026\\\/04\\\/Ulf-Strom_EU-Parlamentet.jpg\",\"datePublished\":\"2026-04-01T18:37:06+00:00\",\"dateModified\":\"2026-04-01T19:21:17+00:00\",\"breadcrumb\":{\"@id\":\"https:\\\/\\\/ambitionsverige.se\\\/politik\\\/svensk-suveranitet-och-eu\\\/riksdagspartierna-sverige-eu\\\/#breadcrumb\"},\"inLanguage\":\"es\",\"potentialAction\":[{\"@type\":\"ReadAction\",\"target\":[\"https:\\\/\\\/ambitionsverige.se\\\/politik\\\/svensk-suveranitet-och-eu\\\/riksdagspartierna-sverige-eu\\\/\"]}]},{\"@type\":\"ImageObject\",\"inLanguage\":\"es\",\"@id\":\"https:\\\/\\\/ambitionsverige.se\\\/politik\\\/svensk-suveranitet-och-eu\\\/riksdagspartierna-sverige-eu\\\/#primaryimage\",\"url\":\"https:\\\/\\\/ambitionsverige.se\\\/wp-content\\\/uploads\\\/2026\\\/04\\\/Ulf-Strom_EU-Parlamentet.jpg\",\"contentUrl\":\"https:\\\/\\\/ambitionsverige.se\\\/wp-content\\\/uploads\\\/2026\\\/04\\\/Ulf-Strom_EU-Parlamentet.jpg\",\"width\":1200,\"height\":650,\"caption\":\"Ulf Stro\u0308m och EU-Parlamentet i Br\u00fcssel | Foton:AMbition Sverige och Andrijko Z, CC BY-SA 4.0\"},{\"@type\":\"BreadcrumbList\",\"@id\":\"https:\\\/\\\/ambitionsverige.se\\\/politik\\\/svensk-suveranitet-och-eu\\\/riksdagspartierna-sverige-eu\\\/#breadcrumb\",\"itemListElement\":[{\"@type\":\"ListItem\",\"position\":1,\"name\":\"Hem\",\"item\":\"https:\\\/\\\/ambitionsverige.se\\\/\"},{\"@type\":\"ListItem\",\"position\":2,\"name\":\"Larm: Riksdagspartierna l\u00e5ser in Sverige i EU &#8211; f\u00f6r alltid\"}]},{\"@type\":\"WebSite\",\"@id\":\"https:\\\/\\\/ambitionsverige.se\\\/#website\",\"url\":\"https:\\\/\\\/ambitionsverige.se\\\/\",\"name\":\"Ambition Sverige\",\"description\":\"\",\"publisher\":{\"@id\":\"https:\\\/\\\/ambitionsverige.se\\\/#organization\"},\"potentialAction\":[{\"@type\":\"SearchAction\",\"target\":{\"@type\":\"EntryPoint\",\"urlTemplate\":\"https:\\\/\\\/ambitionsverige.se\\\/?s={search_term_string}\"},\"query-input\":{\"@type\":\"PropertyValueSpecification\",\"valueRequired\":true,\"valueName\":\"search_term_string\"}}],\"inLanguage\":\"es\"},{\"@type\":\"Organization\",\"@id\":\"https:\\\/\\\/ambitionsverige.se\\\/#organization\",\"name\":\"Ambition Sverige\",\"url\":\"https:\\\/\\\/ambitionsverige.se\\\/\",\"logo\":{\"@type\":\"ImageObject\",\"inLanguage\":\"es\",\"@id\":\"https:\\\/\\\/ambitionsverige.se\\\/#\\\/schema\\\/logo\\\/image\\\/\",\"url\":\"https:\\\/\\\/ambitionsverige.se\\\/wp-content\\\/uploads\\\/2025\\\/11\\\/ambition-sverige-logotyp.png\",\"contentUrl\":\"https:\\\/\\\/ambitionsverige.se\\\/wp-content\\\/uploads\\\/2025\\\/11\\\/ambition-sverige-logotyp.png\",\"width\":512,\"height\":512,\"caption\":\"Ambition Sverige\"},\"image\":{\"@id\":\"https:\\\/\\\/ambitionsverige.se\\\/#\\\/schema\\\/logo\\\/image\\\/\"},\"sameAs\":[\"https:\\\/\\\/www.facebook.com\\\/AmbitionSverige\",\"https:\\\/\\\/x.com\\\/ambitionsverige\",\"https:\\\/\\\/www.instagram.com\\\/ambitionsverige\",\"https:\\\/\\\/www.youtube.com\\\/@ambitionsverige1\",\"https:\\\/\\\/t.me\\\/sverigeforst1\"]},{\"@type\":\"Person\",\"@id\":\"https:\\\/\\\/ambitionsverige.se\\\/#\\\/schema\\\/person\\\/df053692e4e9f2c84910ca4d610927d0\",\"name\":\"a.forfattar3_25-10\"}]}<\/script>\n<!-- \/ Yoast SEO plugin. -->","yoast_head_json":{"title":"Larm: Riksdagspartierna l\u00e5ser in Sverige i EU - f\u00f6r alltid - Ambition Sverige","robots":{"index":"index","follow":"follow","max-snippet":"max-snippet:-1","max-image-preview":"max-image-preview:large","max-video-preview":"max-video-preview:-1"},"canonical":"https:\/\/ambitionsverige.se\/es\/politica\/la-soberania-sueca-y-la-ue\/riksdagspartierna-sverige-eu\/","og_locale":"es_ES","og_type":"article","og_title":"Larm: Riksdagspartierna l\u00e5ser in Sverige i EU - f\u00f6r alltid - Ambition Sverige","og_description":"Om beslutet g\u00e5r igenom inneb\u00e4r det att Sverige i grundlagsfr\u00e5gor riskerar att f\u00f6rvandlas till ett odemokratiskt minoritetsstyre. Ambition Sverige mobiliserar nu en opinion f\u00f6r att stoppa det h\u00e4r beslutet.","og_url":"https:\/\/ambitionsverige.se\/es\/politica\/la-soberania-sueca-y-la-ue\/riksdagspartierna-sverige-eu\/","og_site_name":"Ambition Sverige","article_publisher":"https:\/\/www.facebook.com\/AmbitionSverige","article_published_time":"2026-04-01T18:37:06+00:00","article_modified_time":"2026-04-01T19:21:17+00:00","og_image":[{"width":1200,"height":650,"url":"https:\/\/ambitionsverige.se\/wp-content\/uploads\/2026\/04\/Ulf-Strom_EU-Parlamentet.jpg","type":"image\/jpeg"}],"author":"a.forfattar3_25-10","twitter_card":"summary_large_image","twitter_creator":"@ambitionsverige","twitter_site":"@ambitionsverige","twitter_misc":{"Escrito por":"a.forfattar3_25-10","Tiempo de lectura":"3 minutos"},"schema":{"@context":"https:\/\/schema.org","@graph":[{"@type":"Article","@id":"https:\/\/ambitionsverige.se\/politik\/svensk-suveranitet-och-eu\/riksdagspartierna-sverige-eu\/#article","isPartOf":{"@id":"https:\/\/ambitionsverige.se\/politik\/svensk-suveranitet-och-eu\/riksdagspartierna-sverige-eu\/"},"author":{"name":"a.forfattar3_25-10","@id":"https:\/\/ambitionsverige.se\/#\/schema\/person\/df053692e4e9f2c84910ca4d610927d0"},"headline":"Larm: Riksdagspartierna l\u00e5ser in Sverige i EU &#8211; f\u00f6r alltid","datePublished":"2026-04-01T18:37:06+00:00","dateModified":"2026-04-01T19:21:17+00:00","mainEntityOfPage":{"@id":"https:\/\/ambitionsverige.se\/politik\/svensk-suveranitet-och-eu\/riksdagspartierna-sverige-eu\/"},"wordCount":626,"publisher":{"@id":"https:\/\/ambitionsverige.se\/#organization"},"image":{"@id":"https:\/\/ambitionsverige.se\/politik\/svensk-suveranitet-och-eu\/riksdagspartierna-sverige-eu\/#primaryimage"},"thumbnailUrl":"https:\/\/ambitionsverige.se\/wp-content\/uploads\/2026\/04\/Ulf-Strom_EU-Parlamentet.jpg","keywords":["l\u00e4mna EU"],"articleSection":["Svensk suver\u00e4nitet och EU"],"inLanguage":"es"},{"@type":"WebPage","@id":"https:\/\/ambitionsverige.se\/politik\/svensk-suveranitet-och-eu\/riksdagspartierna-sverige-eu\/","url":"https:\/\/ambitionsverige.se\/politik\/svensk-suveranitet-och-eu\/riksdagspartierna-sverige-eu\/","name":"Larm: Riksdagspartierna l\u00e5ser in Sverige i EU - f\u00f6r alltid - Ambition Sverige","isPartOf":{"@id":"https:\/\/ambitionsverige.se\/#website"},"primaryImageOfPage":{"@id":"https:\/\/ambitionsverige.se\/politik\/svensk-suveranitet-och-eu\/riksdagspartierna-sverige-eu\/#primaryimage"},"image":{"@id":"https:\/\/ambitionsverige.se\/politik\/svensk-suveranitet-och-eu\/riksdagspartierna-sverige-eu\/#primaryimage"},"thumbnailUrl":"https:\/\/ambitionsverige.se\/wp-content\/uploads\/2026\/04\/Ulf-Strom_EU-Parlamentet.jpg","datePublished":"2026-04-01T18:37:06+00:00","dateModified":"2026-04-01T19:21:17+00:00","breadcrumb":{"@id":"https:\/\/ambitionsverige.se\/politik\/svensk-suveranitet-och-eu\/riksdagspartierna-sverige-eu\/#breadcrumb"},"inLanguage":"es","potentialAction":[{"@type":"ReadAction","target":["https:\/\/ambitionsverige.se\/politik\/svensk-suveranitet-och-eu\/riksdagspartierna-sverige-eu\/"]}]},{"@type":"ImageObject","inLanguage":"es","@id":"https:\/\/ambitionsverige.se\/politik\/svensk-suveranitet-och-eu\/riksdagspartierna-sverige-eu\/#primaryimage","url":"https:\/\/ambitionsverige.se\/wp-content\/uploads\/2026\/04\/Ulf-Strom_EU-Parlamentet.jpg","contentUrl":"https:\/\/ambitionsverige.se\/wp-content\/uploads\/2026\/04\/Ulf-Strom_EU-Parlamentet.jpg","width":1200,"height":650,"caption":"Ulf Stro\u0308m och EU-Parlamentet i Br\u00fcssel | Foton:AMbition Sverige och Andrijko Z, CC BY-SA 4.0"},{"@type":"BreadcrumbList","@id":"https:\/\/ambitionsverige.se\/politik\/svensk-suveranitet-och-eu\/riksdagspartierna-sverige-eu\/#breadcrumb","itemListElement":[{"@type":"ListItem","position":1,"name":"Hem","item":"https:\/\/ambitionsverige.se\/"},{"@type":"ListItem","position":2,"name":"Larm: Riksdagspartierna l\u00e5ser in Sverige i EU &#8211; f\u00f6r alltid"}]},{"@type":"WebSite","@id":"https:\/\/ambitionsverige.se\/#website","url":"https:\/\/ambitionsverige.se\/","name":"Ambition Sverige","description":"","publisher":{"@id":"https:\/\/ambitionsverige.se\/#organization"},"potentialAction":[{"@type":"SearchAction","target":{"@type":"EntryPoint","urlTemplate":"https:\/\/ambitionsverige.se\/?s={search_term_string}"},"query-input":{"@type":"PropertyValueSpecification","valueRequired":true,"valueName":"search_term_string"}}],"inLanguage":"es"},{"@type":"Organization","@id":"https:\/\/ambitionsverige.se\/#organization","name":"Ambition Sverige","url":"https:\/\/ambitionsverige.se\/","logo":{"@type":"ImageObject","inLanguage":"es","@id":"https:\/\/ambitionsverige.se\/#\/schema\/logo\/image\/","url":"https:\/\/ambitionsverige.se\/wp-content\/uploads\/2025\/11\/ambition-sverige-logotyp.png","contentUrl":"https:\/\/ambitionsverige.se\/wp-content\/uploads\/2025\/11\/ambition-sverige-logotyp.png","width":512,"height":512,"caption":"Ambition Sverige"},"image":{"@id":"https:\/\/ambitionsverige.se\/#\/schema\/logo\/image\/"},"sameAs":["https:\/\/www.facebook.com\/AmbitionSverige","https:\/\/x.com\/ambitionsverige","https:\/\/www.instagram.com\/ambitionsverige","https:\/\/www.youtube.com\/@ambitionsverige1","https:\/\/t.me\/sverigeforst1"]},{"@type":"Person","@id":"https:\/\/ambitionsverige.se\/#\/schema\/person\/df053692e4e9f2c84910ca4d610927d0","name":"a.autor3_25-10"}]}},"_links":{"self":[{"href":"https:\/\/ambitionsverige.se\/es\/wp-json\/wp\/v2\/posts\/1904","targetHints":{"allow":["GET"]}}],"collection":[{"href":"https:\/\/ambitionsverige.se\/es\/wp-json\/wp\/v2\/posts"}],"about":[{"href":"https:\/\/ambitionsverige.se\/es\/wp-json\/wp\/v2\/types\/post"}],"author":[{"embeddable":true,"href":"https:\/\/ambitionsverige.se\/es\/wp-json\/wp\/v2\/users\/2"}],"replies":[{"embeddable":true,"href":"https:\/\/ambitionsverige.se\/es\/wp-json\/wp\/v2\/comments?post=1904"}],"version-history":[{"count":3,"href":"https:\/\/ambitionsverige.se\/es\/wp-json\/wp\/v2\/posts\/1904\/revisions"}],"predecessor-version":[{"id":1908,"href":"https:\/\/ambitionsverige.se\/es\/wp-json\/wp\/v2\/posts\/1904\/revisions\/1908"}],"wp:featuredmedia":[{"embeddable":true,"href":"https:\/\/ambitionsverige.se\/es\/wp-json\/wp\/v2\/media\/1905"}],"wp:attachment":[{"href":"https:\/\/ambitionsverige.se\/es\/wp-json\/wp\/v2\/media?parent=1904"}],"wp:term":[{"taxonomy":"category","embeddable":true,"href":"https:\/\/ambitionsverige.se\/es\/wp-json\/wp\/v2\/categories?post=1904"},{"taxonomy":"post_tag","embeddable":true,"href":"https:\/\/ambitionsverige.se\/es\/wp-json\/wp\/v2\/tags?post=1904"},{"taxonomy":"local_branch","embeddable":true,"href":"https:\/\/ambitionsverige.se\/es\/wp-json\/wp\/v2\/local_branch?post=1904"}],"curies":[{"name":"wp","href":"https:\/\/api.w.org\/{rel}","templated":true}]}}