{"id":2253,"date":"2026-04-30T12:38:36","date_gmt":"2026-04-30T10:38:36","guid":{"rendered":"https:\/\/ambitionsverige.se\/?p=2253"},"modified":"2026-04-30T13:56:23","modified_gmt":"2026-04-30T11:56:23","slug":"fortydligande-runt-voteringen-i-riksdagen","status":"publish","type":"post","link":"https:\/\/ambitionsverige.se\/es\/politik\/fortydligande-runt-voteringen-i-riksdagen\/","title":{"rendered":"F\u00d6RTYDLIGANDE RUNT VOTERINGEN I RIKSDAGEN"},"content":{"rendered":"<p>Ig\u00e5r, onsdagen den 29 april, h\u00f6lls en votering om Tid\u00f6regeringens lagf\u00f6rslag om sk\u00e4rpta krav f\u00f6r svenskt medborgarskap. Ambition Sveriges Elsa Widding och Katja Nyberg deltog i voteringen.<\/p>\n\n\n\n<p>Det har d\u00e4refter p\u00e5st\u00e5tts att Elsa och Katja r\u00f6stade emot sk\u00e4rpta krav f\u00f6r medborgarskap. Det st\u00e4mmer inte.<br>&nbsp;<br>Elsa och Katja r\u00f6stade f\u00f6r 7 av lagf\u00f6rslagets totalt 8 punkter. D\u00e4rmed visade Ambition Sverige tydligt att vi st\u00e5r bakom sk\u00e4rpta krav f\u00f6r svenskt medborgarskap.<br>&nbsp;<br>I den \u00e5ttonde beslutspunkten r\u00f6stade de emot regeringens f\u00f6rslag om en mycket kort genomf\u00f6randeperiod, n\u00e5got som \u00e4ven Lagr\u00e5det har kritiserat. De st\u00e4llde sig d\u00e4rmed bakom Lagr\u00e5dets bed\u00f6mning f\u00f6r att s\u00e4kerst\u00e4lla ett r\u00e4ttss\u00e4kert inf\u00f6rande.<br>&nbsp;<br>Ambition Sverige utg\u00e5r fr\u00e5n vetenskapen kring lagstiftningsl\u00e4ran samt r\u00e4ttsstatliga principer som ska skydda mot bristf\u00e4llig lagstiftning. Lagar m\u00e5ste vara genomt\u00e4nkta, r\u00e4ttss\u00e4kra och m\u00f6jliga att till\u00e4mpa i praktiken.<\/p>\n\n\n\n<p>Att acceptera snabbt beredda lag\u00e4ndringar utan tillr\u00e4cklig beredning och genomf\u00f6randetid riskerar att skapa st\u00f6rre problem \u00e4n det l\u00f6ser. En alltf\u00f6r kort genomf\u00f6randeperiod kan leda till os\u00e4kerhet, godtycke och olika behandling beroende p\u00e5 n\u00e4r \u00e4renden pr\u00f6vas. Det vill vi undvika.<\/p>\n\n\n\n<p>Det \u00e4r mot denna bakgrund Ambition Sverige motsatte sig just denna del av f\u00f6rslaget. Vi st\u00e5r bakom sk\u00e4rpta medborgarskapskrav, men lagar m\u00e5ste inf\u00f6ras p\u00e5 ett r\u00e4ttss\u00e4kert och f\u00f6rutsebart s\u00e4tt.<\/p>\n\n\n\n<p>Bo Hansson<br>Vice partiledare<\/p>","protected":false},"excerpt":{"rendered":"<p>Ig\u00e5r, onsdagen den 29 april, h\u00f6lls en votering om Tid\u00f6regeringens lagf\u00f6rslag om sk\u00e4rpta krav f\u00f6r svenskt medborgarskap. Ambition Sveriges Elsa Widding och Katja Nyberg deltog i voteringen. Det har d\u00e4refter p\u00e5st\u00e5tts att Elsa och Katja r\u00f6stade emot sk\u00e4rpta krav f\u00f6r medborgarskap. Det st\u00e4mmer inte.&nbsp;Elsa och Katja r\u00f6stade f\u00f6r 7 av lagf\u00f6rslagets totalt 8 punkter. D\u00e4rmed [&hellip;]<\/p>\n","protected":false},"author":1,"featured_media":2257,"comment_status":"closed","ping_status":"closed","sticky":false,"template":"","format":"standard","meta":{"footnotes":""},"categories":[8],"tags":[],"local_branch":[],"class_list":["post-2253","post","type-post","status-publish","format-standard","has-post-thumbnail","hentry","category-politik"],"yoast_head":"<!-- This site is optimized with the Yoast SEO plugin v27.5 - https:\/\/yoast.com\/product\/yoast-seo-wordpress\/ -->\n<title>F\u00d6RTYDLIGANDE RUNT VOTERINGEN I RIKSDAGEN - Ambition Sverige<\/title>\n<meta name=\"robots\" content=\"index, follow, max-snippet:-1, max-image-preview:large, max-video-preview:-1\" \/>\n<link rel=\"canonical\" href=\"https:\/\/ambitionsverige.se\/es\/politica\/fortydligande-runt-voteringen-i-riksdagen\/\" \/>\n<meta property=\"og:locale\" content=\"es_ES\" \/>\n<meta property=\"og:type\" content=\"article\" \/>\n<meta property=\"og:title\" content=\"F\u00d6RTYDLIGANDE RUNT VOTERINGEN I RIKSDAGEN - Ambition Sverige\" \/>\n<meta property=\"og:description\" content=\"Ig\u00e5r, onsdagen den 29 april, h\u00f6lls en votering om Tid\u00f6regeringens lagf\u00f6rslag om sk\u00e4rpta krav f\u00f6r svenskt medborgarskap. Ambition Sveriges Elsa Widding och Katja Nyberg deltog i voteringen. Det har d\u00e4refter p\u00e5st\u00e5tts att Elsa och Katja r\u00f6stade emot sk\u00e4rpta krav f\u00f6r medborgarskap. Det st\u00e4mmer inte.&nbsp;Elsa och Katja r\u00f6stade f\u00f6r 7 av lagf\u00f6rslagets totalt 8 punkter. D\u00e4rmed [&hellip;]\" \/>\n<meta property=\"og:url\" content=\"https:\/\/ambitionsverige.se\/es\/politica\/fortydligande-runt-voteringen-i-riksdagen\/\" \/>\n<meta property=\"og:site_name\" content=\"Ambition Sverige\" \/>\n<meta property=\"article:publisher\" content=\"https:\/\/www.facebook.com\/AmbitionSverige\" \/>\n<meta property=\"article:published_time\" content=\"2026-04-30T10:38:36+00:00\" \/>\n<meta property=\"article:modified_time\" content=\"2026-04-30T11:56:23+00:00\" \/>\n<meta property=\"og:image\" content=\"https:\/\/ambitionsverige.se\/wp-content\/uploads\/2026\/04\/banner4.png\" \/>\n\t<meta property=\"og:image:width\" content=\"1200\" \/>\n\t<meta property=\"og:image:height\" content=\"650\" \/>\n\t<meta property=\"og:image:type\" content=\"image\/png\" \/>\n<meta name=\"author\" content=\"Ambition Sverige\" \/>\n<meta name=\"twitter:card\" content=\"summary_large_image\" \/>\n<meta name=\"twitter:creator\" content=\"@ambitionsverige\" \/>\n<meta name=\"twitter:site\" content=\"@ambitionsverige\" \/>\n<meta name=\"twitter:label1\" content=\"Escrito por\" \/>\n\t<meta name=\"twitter:data1\" content=\"Ambition Sverige\" \/>\n\t<meta name=\"twitter:label2\" content=\"Tiempo de lectura\" \/>\n\t<meta name=\"twitter:data2\" content=\"2 minutos\" \/>\n<script type=\"application\/ld+json\" class=\"yoast-schema-graph\">{\"@context\":\"https:\\\/\\\/schema.org\",\"@graph\":[{\"@type\":\"Article\",\"@id\":\"https:\\\/\\\/ambitionsverige.se\\\/politik\\\/fortydligande-runt-voteringen-i-riksdagen\\\/#article\",\"isPartOf\":{\"@id\":\"https:\\\/\\\/ambitionsverige.se\\\/politik\\\/fortydligande-runt-voteringen-i-riksdagen\\\/\"},\"author\":{\"name\":\"Ambition Sverige\",\"@id\":\"https:\\\/\\\/ambitionsverige.se\\\/#\\\/schema\\\/person\\\/304fbceeb35fea9ca21a9a811ac72acd\"},\"headline\":\"F\u00d6RTYDLIGANDE RUNT VOTERINGEN I RIKSDAGEN\",\"datePublished\":\"2026-04-30T10:38:36+00:00\",\"dateModified\":\"2026-04-30T11:56:23+00:00\",\"mainEntityOfPage\":{\"@id\":\"https:\\\/\\\/ambitionsverige.se\\\/politik\\\/fortydligande-runt-voteringen-i-riksdagen\\\/\"},\"wordCount\":271,\"publisher\":{\"@id\":\"https:\\\/\\\/ambitionsverige.se\\\/#organization\"},\"image\":{\"@id\":\"https:\\\/\\\/ambitionsverige.se\\\/politik\\\/fortydligande-runt-voteringen-i-riksdagen\\\/#primaryimage\"},\"thumbnailUrl\":\"https:\\\/\\\/ambitionsverige.se\\\/wp-content\\\/uploads\\\/2026\\\/04\\\/banner4.png\",\"articleSection\":[\"Politik\"],\"inLanguage\":\"es\"},{\"@type\":\"WebPage\",\"@id\":\"https:\\\/\\\/ambitionsverige.se\\\/politik\\\/fortydligande-runt-voteringen-i-riksdagen\\\/\",\"url\":\"https:\\\/\\\/ambitionsverige.se\\\/politik\\\/fortydligande-runt-voteringen-i-riksdagen\\\/\",\"name\":\"F\u00d6RTYDLIGANDE RUNT VOTERINGEN I RIKSDAGEN - Ambition Sverige\",\"isPartOf\":{\"@id\":\"https:\\\/\\\/ambitionsverige.se\\\/#website\"},\"primaryImageOfPage\":{\"@id\":\"https:\\\/\\\/ambitionsverige.se\\\/politik\\\/fortydligande-runt-voteringen-i-riksdagen\\\/#primaryimage\"},\"image\":{\"@id\":\"https:\\\/\\\/ambitionsverige.se\\\/politik\\\/fortydligande-runt-voteringen-i-riksdagen\\\/#primaryimage\"},\"thumbnailUrl\":\"https:\\\/\\\/ambitionsverige.se\\\/wp-content\\\/uploads\\\/2026\\\/04\\\/banner4.png\",\"datePublished\":\"2026-04-30T10:38:36+00:00\",\"dateModified\":\"2026-04-30T11:56:23+00:00\",\"breadcrumb\":{\"@id\":\"https:\\\/\\\/ambitionsverige.se\\\/politik\\\/fortydligande-runt-voteringen-i-riksdagen\\\/#breadcrumb\"},\"inLanguage\":\"es\",\"potentialAction\":[{\"@type\":\"ReadAction\",\"target\":[\"https:\\\/\\\/ambitionsverige.se\\\/politik\\\/fortydligande-runt-voteringen-i-riksdagen\\\/\"]}]},{\"@type\":\"ImageObject\",\"inLanguage\":\"es\",\"@id\":\"https:\\\/\\\/ambitionsverige.se\\\/politik\\\/fortydligande-runt-voteringen-i-riksdagen\\\/#primaryimage\",\"url\":\"https:\\\/\\\/ambitionsverige.se\\\/wp-content\\\/uploads\\\/2026\\\/04\\\/banner4.png\",\"contentUrl\":\"https:\\\/\\\/ambitionsverige.se\\\/wp-content\\\/uploads\\\/2026\\\/04\\\/banner4.png\",\"width\":1200,\"height\":650},{\"@type\":\"BreadcrumbList\",\"@id\":\"https:\\\/\\\/ambitionsverige.se\\\/politik\\\/fortydligande-runt-voteringen-i-riksdagen\\\/#breadcrumb\",\"itemListElement\":[{\"@type\":\"ListItem\",\"position\":1,\"name\":\"Hem\",\"item\":\"https:\\\/\\\/ambitionsverige.se\\\/\"},{\"@type\":\"ListItem\",\"position\":2,\"name\":\"F\u00d6RTYDLIGANDE RUNT VOTERINGEN I RIKSDAGEN\"}]},{\"@type\":\"WebSite\",\"@id\":\"https:\\\/\\\/ambitionsverige.se\\\/#website\",\"url\":\"https:\\\/\\\/ambitionsverige.se\\\/\",\"name\":\"Ambition Sverige\",\"description\":\"\",\"publisher\":{\"@id\":\"https:\\\/\\\/ambitionsverige.se\\\/#organization\"},\"potentialAction\":[{\"@type\":\"SearchAction\",\"target\":{\"@type\":\"EntryPoint\",\"urlTemplate\":\"https:\\\/\\\/ambitionsverige.se\\\/?s={search_term_string}\"},\"query-input\":{\"@type\":\"PropertyValueSpecification\",\"valueRequired\":true,\"valueName\":\"search_term_string\"}}],\"inLanguage\":\"es\"},{\"@type\":\"Organization\",\"@id\":\"https:\\\/\\\/ambitionsverige.se\\\/#organization\",\"name\":\"Ambition Sverige\",\"url\":\"https:\\\/\\\/ambitionsverige.se\\\/\",\"logo\":{\"@type\":\"ImageObject\",\"inLanguage\":\"es\",\"@id\":\"https:\\\/\\\/ambitionsverige.se\\\/#\\\/schema\\\/logo\\\/image\\\/\",\"url\":\"https:\\\/\\\/ambitionsverige.se\\\/wp-content\\\/uploads\\\/2025\\\/11\\\/ambition-sverige-logotyp.png\",\"contentUrl\":\"https:\\\/\\\/ambitionsverige.se\\\/wp-content\\\/uploads\\\/2025\\\/11\\\/ambition-sverige-logotyp.png\",\"width\":512,\"height\":512,\"caption\":\"Ambition Sverige\"},\"image\":{\"@id\":\"https:\\\/\\\/ambitionsverige.se\\\/#\\\/schema\\\/logo\\\/image\\\/\"},\"sameAs\":[\"https:\\\/\\\/www.facebook.com\\\/AmbitionSverige\",\"https:\\\/\\\/x.com\\\/ambitionsverige\",\"https:\\\/\\\/www.instagram.com\\\/ambitionsverige\",\"https:\\\/\\\/www.youtube.com\\\/@ambitionsverige1\",\"https:\\\/\\\/t.me\\\/sverigeforst1\"]},{\"@type\":\"Person\",\"@id\":\"https:\\\/\\\/ambitionsverige.se\\\/#\\\/schema\\\/person\\\/304fbceeb35fea9ca21a9a811ac72acd\",\"name\":\"Ambition Sverige\",\"sameAs\":[\"https:\\\/\\\/ambitionsverige.se\"]}]}<\/script>\n<!-- \/ Yoast SEO plugin. -->","yoast_head_json":{"title":"F\u00d6RTYDLIGANDE RUNT VOTERINGEN I RIKSDAGEN - Ambition Sverige","robots":{"index":"index","follow":"follow","max-snippet":"max-snippet:-1","max-image-preview":"max-image-preview:large","max-video-preview":"max-video-preview:-1"},"canonical":"https:\/\/ambitionsverige.se\/es\/politica\/fortydligande-runt-voteringen-i-riksdagen\/","og_locale":"es_ES","og_type":"article","og_title":"F\u00d6RTYDLIGANDE RUNT VOTERINGEN I RIKSDAGEN - Ambition Sverige","og_description":"Ig\u00e5r, onsdagen den 29 april, h\u00f6lls en votering om Tid\u00f6regeringens lagf\u00f6rslag om sk\u00e4rpta krav f\u00f6r svenskt medborgarskap. Ambition Sveriges Elsa Widding och Katja Nyberg deltog i voteringen. Det har d\u00e4refter p\u00e5st\u00e5tts att Elsa och Katja r\u00f6stade emot sk\u00e4rpta krav f\u00f6r medborgarskap. Det st\u00e4mmer inte.&nbsp;Elsa och Katja r\u00f6stade f\u00f6r 7 av lagf\u00f6rslagets totalt 8 punkter. D\u00e4rmed [&hellip;]","og_url":"https:\/\/ambitionsverige.se\/es\/politica\/fortydligande-runt-voteringen-i-riksdagen\/","og_site_name":"Ambition Sverige","article_publisher":"https:\/\/www.facebook.com\/AmbitionSverige","article_published_time":"2026-04-30T10:38:36+00:00","article_modified_time":"2026-04-30T11:56:23+00:00","og_image":[{"width":1200,"height":650,"url":"https:\/\/ambitionsverige.se\/wp-content\/uploads\/2026\/04\/banner4.png","type":"image\/png"}],"author":"Ambition Sverige","twitter_card":"summary_large_image","twitter_creator":"@ambitionsverige","twitter_site":"@ambitionsverige","twitter_misc":{"Escrito por":"Ambition Sverige","Tiempo de lectura":"2 minutos"},"schema":{"@context":"https:\/\/schema.org","@graph":[{"@type":"Article","@id":"https:\/\/ambitionsverige.se\/politik\/fortydligande-runt-voteringen-i-riksdagen\/#article","isPartOf":{"@id":"https:\/\/ambitionsverige.se\/politik\/fortydligande-runt-voteringen-i-riksdagen\/"},"author":{"name":"Ambition Sverige","@id":"https:\/\/ambitionsverige.se\/#\/schema\/person\/304fbceeb35fea9ca21a9a811ac72acd"},"headline":"F\u00d6RTYDLIGANDE RUNT VOTERINGEN I RIKSDAGEN","datePublished":"2026-04-30T10:38:36+00:00","dateModified":"2026-04-30T11:56:23+00:00","mainEntityOfPage":{"@id":"https:\/\/ambitionsverige.se\/politik\/fortydligande-runt-voteringen-i-riksdagen\/"},"wordCount":271,"publisher":{"@id":"https:\/\/ambitionsverige.se\/#organization"},"image":{"@id":"https:\/\/ambitionsverige.se\/politik\/fortydligande-runt-voteringen-i-riksdagen\/#primaryimage"},"thumbnailUrl":"https:\/\/ambitionsverige.se\/wp-content\/uploads\/2026\/04\/banner4.png","articleSection":["Politik"],"inLanguage":"es"},{"@type":"WebPage","@id":"https:\/\/ambitionsverige.se\/politik\/fortydligande-runt-voteringen-i-riksdagen\/","url":"https:\/\/ambitionsverige.se\/politik\/fortydligande-runt-voteringen-i-riksdagen\/","name":"F\u00d6RTYDLIGANDE RUNT VOTERINGEN I RIKSDAGEN - Ambition Sverige","isPartOf":{"@id":"https:\/\/ambitionsverige.se\/#website"},"primaryImageOfPage":{"@id":"https:\/\/ambitionsverige.se\/politik\/fortydligande-runt-voteringen-i-riksdagen\/#primaryimage"},"image":{"@id":"https:\/\/ambitionsverige.se\/politik\/fortydligande-runt-voteringen-i-riksdagen\/#primaryimage"},"thumbnailUrl":"https:\/\/ambitionsverige.se\/wp-content\/uploads\/2026\/04\/banner4.png","datePublished":"2026-04-30T10:38:36+00:00","dateModified":"2026-04-30T11:56:23+00:00","breadcrumb":{"@id":"https:\/\/ambitionsverige.se\/politik\/fortydligande-runt-voteringen-i-riksdagen\/#breadcrumb"},"inLanguage":"es","potentialAction":[{"@type":"ReadAction","target":["https:\/\/ambitionsverige.se\/politik\/fortydligande-runt-voteringen-i-riksdagen\/"]}]},{"@type":"ImageObject","inLanguage":"es","@id":"https:\/\/ambitionsverige.se\/politik\/fortydligande-runt-voteringen-i-riksdagen\/#primaryimage","url":"https:\/\/ambitionsverige.se\/wp-content\/uploads\/2026\/04\/banner4.png","contentUrl":"https:\/\/ambitionsverige.se\/wp-content\/uploads\/2026\/04\/banner4.png","width":1200,"height":650},{"@type":"BreadcrumbList","@id":"https:\/\/ambitionsverige.se\/politik\/fortydligande-runt-voteringen-i-riksdagen\/#breadcrumb","itemListElement":[{"@type":"ListItem","position":1,"name":"Hem","item":"https:\/\/ambitionsverige.se\/"},{"@type":"ListItem","position":2,"name":"F\u00d6RTYDLIGANDE RUNT VOTERINGEN I RIKSDAGEN"}]},{"@type":"WebSite","@id":"https:\/\/ambitionsverige.se\/#website","url":"https:\/\/ambitionsverige.se\/","name":"Ambition Sverige","description":"","publisher":{"@id":"https:\/\/ambitionsverige.se\/#organization"},"potentialAction":[{"@type":"SearchAction","target":{"@type":"EntryPoint","urlTemplate":"https:\/\/ambitionsverige.se\/?s={search_term_string}"},"query-input":{"@type":"PropertyValueSpecification","valueRequired":true,"valueName":"search_term_string"}}],"inLanguage":"es"},{"@type":"Organization","@id":"https:\/\/ambitionsverige.se\/#organization","name":"Ambition Sverige","url":"https:\/\/ambitionsverige.se\/","logo":{"@type":"ImageObject","inLanguage":"es","@id":"https:\/\/ambitionsverige.se\/#\/schema\/logo\/image\/","url":"https:\/\/ambitionsverige.se\/wp-content\/uploads\/2025\/11\/ambition-sverige-logotyp.png","contentUrl":"https:\/\/ambitionsverige.se\/wp-content\/uploads\/2025\/11\/ambition-sverige-logotyp.png","width":512,"height":512,"caption":"Ambition Sverige"},"image":{"@id":"https:\/\/ambitionsverige.se\/#\/schema\/logo\/image\/"},"sameAs":["https:\/\/www.facebook.com\/AmbitionSverige","https:\/\/x.com\/ambitionsverige","https:\/\/www.instagram.com\/ambitionsverige","https:\/\/www.youtube.com\/@ambitionsverige1","https:\/\/t.me\/sverigeforst1"]},{"@type":"Person","@id":"https:\/\/ambitionsverige.se\/#\/schema\/person\/304fbceeb35fea9ca21a9a811ac72acd","name":"Ambition Sverige","sameAs":["https:\/\/ambitionsverige.se"]}]}},"_links":{"self":[{"href":"https:\/\/ambitionsverige.se\/es\/wp-json\/wp\/v2\/posts\/2253","targetHints":{"allow":["GET"]}}],"collection":[{"href":"https:\/\/ambitionsverige.se\/es\/wp-json\/wp\/v2\/posts"}],"about":[{"href":"https:\/\/ambitionsverige.se\/es\/wp-json\/wp\/v2\/types\/post"}],"author":[{"embeddable":true,"href":"https:\/\/ambitionsverige.se\/es\/wp-json\/wp\/v2\/users\/1"}],"replies":[{"embeddable":true,"href":"https:\/\/ambitionsverige.se\/es\/wp-json\/wp\/v2\/comments?post=2253"}],"version-history":[{"count":1,"href":"https:\/\/ambitionsverige.se\/es\/wp-json\/wp\/v2\/posts\/2253\/revisions"}],"predecessor-version":[{"id":2254,"href":"https:\/\/ambitionsverige.se\/es\/wp-json\/wp\/v2\/posts\/2253\/revisions\/2254"}],"wp:featuredmedia":[{"embeddable":true,"href":"https:\/\/ambitionsverige.se\/es\/wp-json\/wp\/v2\/media\/2257"}],"wp:attachment":[{"href":"https:\/\/ambitionsverige.se\/es\/wp-json\/wp\/v2\/media?parent=2253"}],"wp:term":[{"taxonomy":"category","embeddable":true,"href":"https:\/\/ambitionsverige.se\/es\/wp-json\/wp\/v2\/categories?post=2253"},{"taxonomy":"post_tag","embeddable":true,"href":"https:\/\/ambitionsverige.se\/es\/wp-json\/wp\/v2\/tags?post=2253"},{"taxonomy":"local_branch","embeddable":true,"href":"https:\/\/ambitionsverige.se\/es\/wp-json\/wp\/v2\/local_branch?post=2253"}],"curies":[{"name":"wp","href":"https:\/\/api.w.org\/{rel}","templated":true}]}}